{"id":1,"date":"2023-08-14T19:34:26","date_gmt":"2023-08-14T19:34:26","guid":{"rendered":"http:\/\/bi-horbach-wind.de\/?p=1"},"modified":"2023-09-04T07:12:49","modified_gmt":"2023-09-04T07:12:49","slug":"hello-world","status":"publish","type":"post","link":"https:\/\/bi-horbach-wind.de\/?p=1","title":{"rendered":"Come-together am 02.09.2023"},"content":{"rendered":"\n<h2 class=\"wp-block-heading\">Einladung <\/h2>\n\n\n\n<p class=\"wp-block-paragraph\"><strong>Informations- und Meinungsaustausch \u201cNeue Windenergien um jeden Preis?!\u201d<\/strong><\/p>\n\n\n\n<p class=\"wp-block-paragraph\"><strong>Samstag, 02.09.2023 von 14 bis 17 Uhr<\/strong><br><strong>Ort: <\/strong>Haus Heyden, Heyder Feldweg 50, 52072 Aachen-Horbach<\/p>\n\n\n\n<p class=\"wp-block-paragraph\"><strong>Anreise\/Parken:<\/strong> Bitte verzichten Sie auf die Anreise per PKW \u2013 sofern m\u00f6glich.<br>Sofern Sie mit PKW anreisen, beachten Sie bitte das <strong>Parkverbot am Heyder Feldweg!<\/strong><br>!! Nutzen Sie bitte \u00f6ffentliche Parkfl\u00e4chen z.B. am Friedhof, schr\u00e4g gegen\u00fcber der Oberm\u00fchle, Heydenstrasse in Pannesheide oder entlang der Scherbstra\u00dfe.<\/p>\n\n\n\n<figure class=\"wp-block-image\"><img loading=\"lazy\" decoding=\"async\" width=\"722\" height=\"1024\" src=\"http:\/\/bi-horbach-wind.de\/wp-content\/uploads\/2023\/08\/20230902-Infotag.jpg\" alt=\"\" class=\"wp-image-68\" srcset=\"https:\/\/bi-horbach-wind.de\/wp-content\/uploads\/2023\/08\/20230902-Infotag.jpg 722w, https:\/\/bi-horbach-wind.de\/wp-content\/uploads\/2023\/08\/20230902-Infotag-212x300.jpg 212w, https:\/\/bi-horbach-wind.de\/wp-content\/uploads\/2023\/08\/20230902-Infotag-200x284.jpg 200w\" sizes=\"auto, (max-width: 722px) 100vw, 722px\" \/><\/figure>\n","protected":false},"excerpt":{"rendered":"<p>Informations- und Meinungsaustausch &#8220;Neue Windenergien um jeden Preis?&#8221;<\/p>\n<p> <a class=\"continue-reading-link\" href=\"https:\/\/bi-horbach-wind.de\/?p=1\"><span>hier weiterlesen<\/span><i class=\"crycon-right-dir\"><\/i><\/a> <\/p>\n","protected":false},"author":1,"featured_media":80,"comment_status":"closed","ping_status":"closed","sticky":false,"template":"","format":"standard","meta":{"footnotes":""},"categories":[15],"tags":[10,8],"class_list":["post-1","post","type-post","status-publish","format-standard","has-post-thumbnail","hentry","category-termine-archiv","tag-news","tag-termine"],"_links":{"self":[{"href":"https:\/\/bi-horbach-wind.de\/index.php?rest_route=\/wp\/v2\/posts\/1","targetHints":{"allow":["GET"]}}],"collection":[{"href":"https:\/\/bi-horbach-wind.de\/index.php?rest_route=\/wp\/v2\/posts"}],"about":[{"href":"https:\/\/bi-horbach-wind.de\/index.php?rest_route=\/wp\/v2\/types\/post"}],"author":[{"embeddable":true,"href":"https:\/\/bi-horbach-wind.de\/index.php?rest_route=\/wp\/v2\/users\/1"}],"replies":[{"embeddable":true,"href":"https:\/\/bi-horbach-wind.de\/index.php?rest_route=%2Fwp%2Fv2%2Fcomments&post=1"}],"version-history":[{"count":2,"href":"https:\/\/bi-horbach-wind.de\/index.php?rest_route=\/wp\/v2\/posts\/1\/revisions"}],"predecessor-version":[{"id":84,"href":"https:\/\/bi-horbach-wind.de\/index.php?rest_route=\/wp\/v2\/posts\/1\/revisions\/84"}],"wp:featuredmedia":[{"embeddable":true,"href":"https:\/\/bi-horbach-wind.de\/index.php?rest_route=\/wp\/v2\/media\/80"}],"wp:attachment":[{"href":"https:\/\/bi-horbach-wind.de\/index.php?rest_route=%2Fwp%2Fv2%2Fmedia&parent=1"}],"wp:term":[{"taxonomy":"category","embeddable":true,"href":"https:\/\/bi-horbach-wind.de\/index.php?rest_route=%2Fwp%2Fv2%2Fcategories&post=1"},{"taxonomy":"post_tag","embeddable":true,"href":"https:\/\/bi-horbach-wind.de\/index.php?rest_route=%2Fwp%2Fv2%2Ftags&post=1"}],"curies":[{"name":"wp","href":"https:\/\/api.w.org\/{rel}","templated":true}]}}